{"id":282,"date":"2017-08-17T16:53:58","date_gmt":"2017-08-17T14:53:58","guid":{"rendered":"https:\/\/fontcouvertetennis.fr\/site\/?p=282"},"modified":"2017-09-30T22:08:16","modified_gmt":"2017-09-30T20:08:16","slug":"assemblee-generale","status":"publish","type":"post","link":"https:\/\/fontcouvertetennis.fr\/site\/2017\/08\/17\/assemblee-generale\/","title":{"rendered":"Assembl\u00e9e G\u00e9n\u00e9rale"},"content":{"rendered":"<p>Ch\u00e8res adh\u00e9rentes, cher adh\u00e9rents,<\/p>\n<p>Pour bien commencer cette nouvelle ann\u00e9e sportive, nous vous invitons \u00e0 nous rejoindre lors de<\/p>\n<p style=\"text-align: center;\"><big><strong>L&rsquo;Assembl\u00e9e G\u00e9n\u00e9rale du club, le samedi 7 Octobre \u00e0 18h\u00a0<small>(au club)<\/small>.<\/strong><\/big><\/p>\n<p>Cette assembl\u00e9e sera suivie d&rsquo;un temps convivial, et du traditionnel\u00a0<strong>repas du Club<\/strong>, auquel vous \u00eates bien \u00e9videmment invit\u00e9s pour partager un moment de bonne humeur et de convivialit\u00e9.<br \/>\nUne\u00a0<strong>liste d&rsquo;inscription<\/strong>\u00a0se situe dans le couloir d&rsquo;entr\u00e9e de la salle Verte.<\/p>\n<p>Les membres du bureau<\/p>\n","protected":false},"excerpt":{"rendered":"<p>Ch\u00e8res adh\u00e9rentes, cher adh\u00e9rents, Pour bien commencer cette nouvelle ann\u00e9e sportive, nous vous invitons \u00e0 nous rejoindre lors de L&rsquo;Assembl\u00e9e G\u00e9n\u00e9rale du club, le samedi 7 Octobre \u00e0 18h\u00a0(au club). Cette assembl\u00e9e sera suivie d&rsquo;un temps convivial, et du traditionnel\u00a0repas du Club, auquel vous \u00eates bien \u00e9videmment invit\u00e9s pour partager un moment de bonne humeur [&hellip;]<\/p>\n","protected":false},"author":2,"featured_media":0,"comment_status":"closed","ping_status":"open","sticky":false,"template":"","format":"standard","meta":{"jetpack_post_was_ever_published":false,"_jetpack_newsletter_access":"","_jetpack_dont_email_post_to_subs":false,"_jetpack_newsletter_tier_id":0,"_jetpack_memberships_contains_paywalled_content":false,"_jetpack_memberships_contains_paid_content":false,"footnotes":""},"categories":[1],"tags":[],"class_list":["post-282","post","type-post","status-publish","format-standard","hentry","category-non-classe"],"yoast_head":"<!-- This site is optimized with the Yoast SEO plugin v25.4 - https:\/\/yoast.com\/wordpress\/plugins\/seo\/ -->\n<title>Assembl\u00e9e G\u00e9n\u00e9rale &#8211; Fontcouverte Tennis<\/title>\n<meta name=\"robots\" content=\"index, follow, max-snippet:-1, max-image-preview:large, max-video-preview:-1\" \/>\n<link rel=\"canonical\" href=\"https:\/\/fontcouvertetennis.fr\/site\/2017\/08\/17\/assemblee-generale\/\" \/>\n<meta property=\"og:locale\" content=\"fr_FR\" \/>\n<meta property=\"og:type\" content=\"article\" \/>\n<meta property=\"og:title\" content=\"Assembl\u00e9e G\u00e9n\u00e9rale &#8211; Fontcouverte Tennis\" \/>\n<meta property=\"og:description\" content=\"Ch\u00e8res adh\u00e9rentes, cher adh\u00e9rents, Pour bien commencer cette nouvelle ann\u00e9e sportive, nous vous invitons \u00e0 nous rejoindre lors de L&rsquo;Assembl\u00e9e G\u00e9n\u00e9rale du club, le samedi 7 Octobre \u00e0 18h\u00a0(au club). Cette assembl\u00e9e sera suivie d&rsquo;un temps convivial, et du traditionnel\u00a0repas du Club, auquel vous \u00eates bien \u00e9videmment invit\u00e9s pour partager un moment de bonne humeur [&hellip;]\" \/>\n<meta property=\"og:url\" content=\"https:\/\/fontcouvertetennis.fr\/site\/2017\/08\/17\/assemblee-generale\/\" \/>\n<meta property=\"og:site_name\" content=\"Fontcouverte Tennis\" \/>\n<meta property=\"article:published_time\" content=\"2017-08-17T14:53:58+00:00\" \/>\n<meta property=\"article:modified_time\" content=\"2017-09-30T20:08:16+00:00\" \/>\n<meta name=\"author\" content=\"Fontcouverte Tennis\" \/>\n<meta name=\"twitter:card\" content=\"summary_large_image\" \/>\n<meta name=\"twitter:label1\" content=\"\u00c9crit par\" \/>\n\t<meta name=\"twitter:data1\" content=\"Fontcouverte Tennis\" \/>\n<script type=\"application\/ld+json\" class=\"yoast-schema-graph\">{\"@context\":\"https:\/\/schema.org\",\"@graph\":[{\"@type\":\"Article\",\"@id\":\"https:\/\/fontcouvertetennis.fr\/site\/2017\/08\/17\/assemblee-generale\/#article\",\"isPartOf\":{\"@id\":\"https:\/\/fontcouvertetennis.fr\/site\/2017\/08\/17\/assemblee-generale\/\"},\"author\":{\"name\":\"Fontcouverte Tennis\",\"@id\":\"https:\/\/fontcouvertetennis.fr\/site\/#\/schema\/person\/6f7a10112ec6a823219d5c3d79cb0d85\"},\"headline\":\"Assembl\u00e9e G\u00e9n\u00e9rale\",\"datePublished\":\"2017-08-17T14:53:58+00:00\",\"dateModified\":\"2017-09-30T20:08:16+00:00\",\"mainEntityOfPage\":{\"@id\":\"https:\/\/fontcouvertetennis.fr\/site\/2017\/08\/17\/assemblee-generale\/\"},\"wordCount\":93,\"publisher\":{\"@id\":\"https:\/\/fontcouvertetennis.fr\/site\/#organization\"},\"inLanguage\":\"fr-FR\"},{\"@type\":\"WebPage\",\"@id\":\"https:\/\/fontcouvertetennis.fr\/site\/2017\/08\/17\/assemblee-generale\/\",\"url\":\"https:\/\/fontcouvertetennis.fr\/site\/2017\/08\/17\/assemblee-generale\/\",\"name\":\"Assembl\u00e9e G\u00e9n\u00e9rale &#8211; Fontcouverte Tennis\",\"isPartOf\":{\"@id\":\"https:\/\/fontcouvertetennis.fr\/site\/#website\"},\"datePublished\":\"2017-08-17T14:53:58+00:00\",\"dateModified\":\"2017-09-30T20:08:16+00:00\",\"breadcrumb\":{\"@id\":\"https:\/\/fontcouvertetennis.fr\/site\/2017\/08\/17\/assemblee-generale\/#breadcrumb\"},\"inLanguage\":\"fr-FR\",\"potentialAction\":[{\"@type\":\"ReadAction\",\"target\":[\"https:\/\/fontcouvertetennis.fr\/site\/2017\/08\/17\/assemblee-generale\/\"]}]},{\"@type\":\"BreadcrumbList\",\"@id\":\"https:\/\/fontcouvertetennis.fr\/site\/2017\/08\/17\/assemblee-generale\/#breadcrumb\",\"itemListElement\":[{\"@type\":\"ListItem\",\"position\":1,\"name\":\"Accueil\",\"item\":\"https:\/\/fontcouvertetennis.fr\/site\/\"},{\"@type\":\"ListItem\",\"position\":2,\"name\":\"Assembl\u00e9e G\u00e9n\u00e9rale\"}]},{\"@type\":\"WebSite\",\"@id\":\"https:\/\/fontcouvertetennis.fr\/site\/#website\",\"url\":\"https:\/\/fontcouvertetennis.fr\/site\/\",\"name\":\"Fontcouverte Tennis\",\"description\":\"\",\"publisher\":{\"@id\":\"https:\/\/fontcouvertetennis.fr\/site\/#organization\"},\"potentialAction\":[{\"@type\":\"SearchAction\",\"target\":{\"@type\":\"EntryPoint\",\"urlTemplate\":\"https:\/\/fontcouvertetennis.fr\/site\/?s={search_term_string}\"},\"query-input\":{\"@type\":\"PropertyValueSpecification\",\"valueRequired\":true,\"valueName\":\"search_term_string\"}}],\"inLanguage\":\"fr-FR\"},{\"@type\":\"Organization\",\"@id\":\"https:\/\/fontcouvertetennis.fr\/site\/#organization\",\"name\":\"Fontcouverte Tennis\",\"url\":\"https:\/\/fontcouvertetennis.fr\/site\/\",\"logo\":{\"@type\":\"ImageObject\",\"inLanguage\":\"fr-FR\",\"@id\":\"https:\/\/fontcouvertetennis.fr\/site\/#\/schema\/logo\/image\/\",\"url\":\"https:\/\/i1.wp.com\/fontcouvertetennis.fr\/site\/wp-content\/uploads\/2017\/05\/fontcouvertetennis_petit-e1494704248107.jpg?fit=247%2C80&ssl=1\",\"contentUrl\":\"https:\/\/i1.wp.com\/fontcouvertetennis.fr\/site\/wp-content\/uploads\/2017\/05\/fontcouvertetennis_petit-e1494704248107.jpg?fit=247%2C80&ssl=1\",\"width\":247,\"height\":80,\"caption\":\"Fontcouverte Tennis\"},\"image\":{\"@id\":\"https:\/\/fontcouvertetennis.fr\/site\/#\/schema\/logo\/image\/\"}},{\"@type\":\"Person\",\"@id\":\"https:\/\/fontcouvertetennis.fr\/site\/#\/schema\/person\/6f7a10112ec6a823219d5c3d79cb0d85\",\"name\":\"Fontcouverte Tennis\",\"image\":{\"@type\":\"ImageObject\",\"inLanguage\":\"fr-FR\",\"@id\":\"https:\/\/fontcouvertetennis.fr\/site\/#\/schema\/person\/image\/\",\"url\":\"https:\/\/secure.gravatar.com\/avatar\/ff6880bcf172f88d03eb163df851aaa35732db4fe53bc9dfeafd7e31e61878b5?s=96&d=mm&r=g\",\"contentUrl\":\"https:\/\/secure.gravatar.com\/avatar\/ff6880bcf172f88d03eb163df851aaa35732db4fe53bc9dfeafd7e31e61878b5?s=96&d=mm&r=g\",\"caption\":\"Fontcouverte Tennis\"}}]}<\/script>\n<!-- \/ Yoast SEO plugin. -->","yoast_head_json":{"title":"Assembl\u00e9e G\u00e9n\u00e9rale &#8211; Fontcouverte Tennis","robots":{"index":"index","follow":"follow","max-snippet":"max-snippet:-1","max-image-preview":"max-image-preview:large","max-video-preview":"max-video-preview:-1"},"canonical":"https:\/\/fontcouvertetennis.fr\/site\/2017\/08\/17\/assemblee-generale\/","og_locale":"fr_FR","og_type":"article","og_title":"Assembl\u00e9e G\u00e9n\u00e9rale &#8211; Fontcouverte Tennis","og_description":"Ch\u00e8res adh\u00e9rentes, cher adh\u00e9rents, Pour bien commencer cette nouvelle ann\u00e9e sportive, nous vous invitons \u00e0 nous rejoindre lors de L&rsquo;Assembl\u00e9e G\u00e9n\u00e9rale du club, le samedi 7 Octobre \u00e0 18h\u00a0(au club). Cette assembl\u00e9e sera suivie d&rsquo;un temps convivial, et du traditionnel\u00a0repas du Club, auquel vous \u00eates bien \u00e9videmment invit\u00e9s pour partager un moment de bonne humeur [&hellip;]","og_url":"https:\/\/fontcouvertetennis.fr\/site\/2017\/08\/17\/assemblee-generale\/","og_site_name":"Fontcouverte Tennis","article_published_time":"2017-08-17T14:53:58+00:00","article_modified_time":"2017-09-30T20:08:16+00:00","author":"Fontcouverte Tennis","twitter_card":"summary_large_image","twitter_misc":{"\u00c9crit par":"Fontcouverte Tennis"},"schema":{"@context":"https:\/\/schema.org","@graph":[{"@type":"Article","@id":"https:\/\/fontcouvertetennis.fr\/site\/2017\/08\/17\/assemblee-generale\/#article","isPartOf":{"@id":"https:\/\/fontcouvertetennis.fr\/site\/2017\/08\/17\/assemblee-generale\/"},"author":{"name":"Fontcouverte Tennis","@id":"https:\/\/fontcouvertetennis.fr\/site\/#\/schema\/person\/6f7a10112ec6a823219d5c3d79cb0d85"},"headline":"Assembl\u00e9e G\u00e9n\u00e9rale","datePublished":"2017-08-17T14:53:58+00:00","dateModified":"2017-09-30T20:08:16+00:00","mainEntityOfPage":{"@id":"https:\/\/fontcouvertetennis.fr\/site\/2017\/08\/17\/assemblee-generale\/"},"wordCount":93,"publisher":{"@id":"https:\/\/fontcouvertetennis.fr\/site\/#organization"},"inLanguage":"fr-FR"},{"@type":"WebPage","@id":"https:\/\/fontcouvertetennis.fr\/site\/2017\/08\/17\/assemblee-generale\/","url":"https:\/\/fontcouvertetennis.fr\/site\/2017\/08\/17\/assemblee-generale\/","name":"Assembl\u00e9e G\u00e9n\u00e9rale &#8211; Fontcouverte Tennis","isPartOf":{"@id":"https:\/\/fontcouvertetennis.fr\/site\/#website"},"datePublished":"2017-08-17T14:53:58+00:00","dateModified":"2017-09-30T20:08:16+00:00","breadcrumb":{"@id":"https:\/\/fontcouvertetennis.fr\/site\/2017\/08\/17\/assemblee-generale\/#breadcrumb"},"inLanguage":"fr-FR","potentialAction":[{"@type":"ReadAction","target":["https:\/\/fontcouvertetennis.fr\/site\/2017\/08\/17\/assemblee-generale\/"]}]},{"@type":"BreadcrumbList","@id":"https:\/\/fontcouvertetennis.fr\/site\/2017\/08\/17\/assemblee-generale\/#breadcrumb","itemListElement":[{"@type":"ListItem","position":1,"name":"Accueil","item":"https:\/\/fontcouvertetennis.fr\/site\/"},{"@type":"ListItem","position":2,"name":"Assembl\u00e9e G\u00e9n\u00e9rale"}]},{"@type":"WebSite","@id":"https:\/\/fontcouvertetennis.fr\/site\/#website","url":"https:\/\/fontcouvertetennis.fr\/site\/","name":"Fontcouverte Tennis","description":"","publisher":{"@id":"https:\/\/fontcouvertetennis.fr\/site\/#organization"},"potentialAction":[{"@type":"SearchAction","target":{"@type":"EntryPoint","urlTemplate":"https:\/\/fontcouvertetennis.fr\/site\/?s={search_term_string}"},"query-input":{"@type":"PropertyValueSpecification","valueRequired":true,"valueName":"search_term_string"}}],"inLanguage":"fr-FR"},{"@type":"Organization","@id":"https:\/\/fontcouvertetennis.fr\/site\/#organization","name":"Fontcouverte Tennis","url":"https:\/\/fontcouvertetennis.fr\/site\/","logo":{"@type":"ImageObject","inLanguage":"fr-FR","@id":"https:\/\/fontcouvertetennis.fr\/site\/#\/schema\/logo\/image\/","url":"https:\/\/i1.wp.com\/fontcouvertetennis.fr\/site\/wp-content\/uploads\/2017\/05\/fontcouvertetennis_petit-e1494704248107.jpg?fit=247%2C80&ssl=1","contentUrl":"https:\/\/i1.wp.com\/fontcouvertetennis.fr\/site\/wp-content\/uploads\/2017\/05\/fontcouvertetennis_petit-e1494704248107.jpg?fit=247%2C80&ssl=1","width":247,"height":80,"caption":"Fontcouverte Tennis"},"image":{"@id":"https:\/\/fontcouvertetennis.fr\/site\/#\/schema\/logo\/image\/"}},{"@type":"Person","@id":"https:\/\/fontcouvertetennis.fr\/site\/#\/schema\/person\/6f7a10112ec6a823219d5c3d79cb0d85","name":"Fontcouverte Tennis","image":{"@type":"ImageObject","inLanguage":"fr-FR","@id":"https:\/\/fontcouvertetennis.fr\/site\/#\/schema\/person\/image\/","url":"https:\/\/secure.gravatar.com\/avatar\/ff6880bcf172f88d03eb163df851aaa35732db4fe53bc9dfeafd7e31e61878b5?s=96&d=mm&r=g","contentUrl":"https:\/\/secure.gravatar.com\/avatar\/ff6880bcf172f88d03eb163df851aaa35732db4fe53bc9dfeafd7e31e61878b5?s=96&d=mm&r=g","caption":"Fontcouverte Tennis"}}]}},"jetpack_featured_media_url":"","jetpack_shortlink":"https:\/\/wp.me\/p8JrhP-4y","jetpack_sharing_enabled":true,"_links":{"self":[{"href":"https:\/\/fontcouvertetennis.fr\/site\/wp-json\/wp\/v2\/posts\/282","targetHints":{"allow":["GET"]}}],"collection":[{"href":"https:\/\/fontcouvertetennis.fr\/site\/wp-json\/wp\/v2\/posts"}],"about":[{"href":"https:\/\/fontcouvertetennis.fr\/site\/wp-json\/wp\/v2\/types\/post"}],"author":[{"embeddable":true,"href":"https:\/\/fontcouvertetennis.fr\/site\/wp-json\/wp\/v2\/users\/2"}],"replies":[{"embeddable":true,"href":"https:\/\/fontcouvertetennis.fr\/site\/wp-json\/wp\/v2\/comments?post=282"}],"version-history":[{"count":3,"href":"https:\/\/fontcouvertetennis.fr\/site\/wp-json\/wp\/v2\/posts\/282\/revisions"}],"predecessor-version":[{"id":312,"href":"https:\/\/fontcouvertetennis.fr\/site\/wp-json\/wp\/v2\/posts\/282\/revisions\/312"}],"wp:attachment":[{"href":"https:\/\/fontcouvertetennis.fr\/site\/wp-json\/wp\/v2\/media?parent=282"}],"wp:term":[{"taxonomy":"category","embeddable":true,"href":"https:\/\/fontcouvertetennis.fr\/site\/wp-json\/wp\/v2\/categories?post=282"},{"taxonomy":"post_tag","embeddable":true,"href":"https:\/\/fontcouvertetennis.fr\/site\/wp-json\/wp\/v2\/tags?post=282"}],"curies":[{"name":"wp","href":"https:\/\/api.w.org\/{rel}","templated":true}]}}